{"id":1060,"date":"2021-05-13T09:11:36","date_gmt":"2021-05-13T09:11:36","guid":{"rendered":"https:\/\/centrepsicologiccaldes.com\/?p=981"},"modified":"2021-05-13T09:11:36","modified_gmt":"2021-05-13T09:11:36","slug":"autolesiones","status":"publish","type":"post","link":"https:\/\/centrepsicologiccaldes.com\/es\/autolesiones\/","title":{"rendered":"Autolesions"},"content":{"rendered":"<div data-elementor-type=\"wp-post\" data-elementor-id=\"1060\" class=\"elementor elementor-1060\" data-elementor-post-type=\"post\">\n\t\t\t\t\t\t<section class=\"elementor-section elementor-top-section elementor-element elementor-element-5a909d3e elementor-section-boxed elementor-section-height-default elementor-section-height-default\" data-id=\"5a909d3e\" data-element_type=\"section\">\n\t\t\t\t\t\t<div class=\"elementor-container elementor-column-gap-default\">\n\t\t\t\t\t<div class=\"elementor-column elementor-col-100 elementor-top-column elementor-element elementor-element-7b1e0b05\" data-id=\"7b1e0b05\" data-element_type=\"column\">\n\t\t\t<div class=\"elementor-widget-wrap elementor-element-populated\">\n\t\t\t\t\t\t<div class=\"elementor-element elementor-element-af946b4 elementor-widget elementor-widget-theme-post-featured-image elementor-widget-image\" data-id=\"af946b4\" data-element_type=\"widget\" data-widget_type=\"theme-post-featured-image.default\">\n\t\t\t\t<div class=\"elementor-widget-container\">\n\t\t\t\t\t\t\t\t\t\t\t\t\t\t\t<img fetchpriority=\"high\" decoding=\"async\" width=\"1250\" height=\"833\" src=\"https:\/\/centrepsicologiccaldes.com\/wp-content\/uploads\/2021\/05\/CPC-Autolesions.jpg\" class=\"attachment-full size-full wp-image-1305\" alt=\"Autolesions\" srcset=\"https:\/\/centrepsicologiccaldes.com\/wp-content\/uploads\/2021\/05\/CPC-Autolesions.jpg 1250w, https:\/\/centrepsicologiccaldes.com\/wp-content\/uploads\/2021\/05\/CPC-Autolesions-300x200.jpg 300w, https:\/\/centrepsicologiccaldes.com\/wp-content\/uploads\/2021\/05\/CPC-Autolesions-1024x682.jpg 1024w, https:\/\/centrepsicologiccaldes.com\/wp-content\/uploads\/2021\/05\/CPC-Autolesions-768x512.jpg 768w, https:\/\/centrepsicologiccaldes.com\/wp-content\/uploads\/2021\/05\/CPC-Autolesions-18x12.jpg 18w\" sizes=\"(max-width: 1250px) 100vw, 1250px\" \/>\t\t\t\t\t\t\t\t\t\t\t\t\t\t\t<\/div>\n\t\t\t\t<\/div>\n\t\t\t\t<div class=\"elementor-element elementor-element-3d0b577 elementor-widget elementor-widget-theme-post-title elementor-page-title elementor-widget-heading\" data-id=\"3d0b577\" data-element_type=\"widget\" data-widget_type=\"theme-post-title.default\">\n\t\t\t\t<div class=\"elementor-widget-container\">\n\t\t\t\t\t<h1 class=\"elementor-heading-title elementor-size-default\">Autolesions<\/h1>\t\t\t\t<\/div>\n\t\t\t\t<\/div>\n\t\t\t\t<div class=\"elementor-element elementor-element-86f803c elementor-align-center elementor-widget elementor-widget-post-info\" data-id=\"86f803c\" data-element_type=\"widget\" data-widget_type=\"post-info.default\">\n\t\t\t\t<div class=\"elementor-widget-container\">\n\t\t\t\t\t\t\t<ul class=\"elementor-inline-items elementor-icon-list-items elementor-post-info\">\n\t\t\t\t\t\t\t\t<li class=\"elementor-icon-list-item elementor-repeater-item-803d09d elementor-inline-item\" itemprop=\"datePublished\">\n\t\t\t\t\t\t\t\t\t\t\t\t\t<span class=\"elementor-icon-list-text elementor-post-info__item elementor-post-info__item--type-date\">\n\t\t\t\t\t\t\t\t\t\t<time>mayo 13, 2021<\/time>\t\t\t\t\t<\/span>\n\t\t\t\t\t\t\t\t<\/li>\n\t\t\t\t<\/ul>\n\t\t\t\t\t\t<\/div>\n\t\t\t\t<\/div>\n\t\t\t\t<div class=\"elementor-element elementor-element-6faef7d7 elementor-widget elementor-widget-text-editor\" data-id=\"6faef7d7\" data-element_type=\"widget\" data-widget_type=\"text-editor.default\">\n\t\t\t\t<div class=\"elementor-widget-container\">\n\t\t\t\t\t\t\t\t\t<p>Consulta <strong>a menudo nos conducta autolesiva<\/strong>especialmente si prestamos atenci\u00f3n a ciertos aspectos, ya que muchas veces las personas no muestran este comportamiento, ya que puede sentirse avergonzado, pueden sentir que el jutjarem, que ellos no entienden y es posible, por tanto, que ocultan este tipo de lesi\u00f3n.<\/p>\t\t\t\t\t\t\t\t<\/div>\n\t\t\t\t<\/div>\n\t\t\t\t\t<\/div>\n\t\t<\/div>\n\t\t\t\t\t<\/div>\n\t\t<\/section>\n\t\t\t\t<section class=\"elementor-section elementor-top-section elementor-element elementor-element-06c25f2 elementor-section-boxed elementor-section-height-default elementor-section-height-default\" data-id=\"06c25f2\" data-element_type=\"section\" data-settings=\"{&quot;background_background&quot;:&quot;classic&quot;}\">\n\t\t\t\t\t\t<div class=\"elementor-container elementor-column-gap-default\">\n\t\t\t\t\t<div class=\"elementor-column elementor-col-100 elementor-top-column elementor-element elementor-element-56e2c8a\" data-id=\"56e2c8a\" data-element_type=\"column\" data-settings=\"{&quot;background_background&quot;:&quot;classic&quot;}\">\n\t\t\t<div class=\"elementor-widget-wrap elementor-element-populated\">\n\t\t\t\t\t\t<div class=\"elementor-element elementor-element-e100f50 elementor-widget elementor-widget-text-editor\" data-id=\"e100f50\" data-element_type=\"widget\" data-widget_type=\"text-editor.default\">\n\t\t\t\t<div class=\"elementor-widget-container\">\n\t\t\t\t\t\t\t\t\t<p><strong>El autolesi\u00f3 que puede darse en diferentes situaciones y la agresi\u00f3n de este tipo a uno mismo, puede ser<\/strong>, como se ha explicado Dolores Mosquera, autor que conozco y admiro, <strong>una estrategia de afrontamiento, una forma de compensar y tolerar las emociones.<\/strong><\/p>\t\t\t\t\t\t\t\t<\/div>\n\t\t\t\t<\/div>\n\t\t\t\t\t<\/div>\n\t\t<\/div>\n\t\t\t\t\t<\/div>\n\t\t<\/section>\n\t\t\t\t<section class=\"elementor-section elementor-top-section elementor-element elementor-element-d0ce089 elementor-section-boxed elementor-section-height-default elementor-section-height-default\" data-id=\"d0ce089\" data-element_type=\"section\">\n\t\t\t\t\t\t<div class=\"elementor-container elementor-column-gap-default\">\n\t\t\t\t\t<div class=\"elementor-column elementor-col-100 elementor-top-column elementor-element elementor-element-8fa7507\" data-id=\"8fa7507\" data-element_type=\"column\">\n\t\t\t<div class=\"elementor-widget-wrap elementor-element-populated\">\n\t\t\t\t\t\t<div class=\"elementor-element elementor-element-b844a02 elementor-widget elementor-widget-text-editor\" data-id=\"b844a02\" data-element_type=\"widget\" data-widget_type=\"text-editor.default\">\n\t\t\t\t<div class=\"elementor-widget-container\">\n\t\t\t\t\t\t\t\t\tNunca he considerado que este tipo de agresi\u00f3n como una forma de atraer la atenci\u00f3n, hay profesionales que te pueden ver, pero creo, y es una opini\u00f3n m\u00e1s personal, una persona que intenta captar la atenci\u00f3n de esta manera es realmente expresar muchas cosas, y hay un malestar profundo que necesita ser escuchada, y ser entendido.\t\t\t\t\t\t\t\t<\/div>\n\t\t\t\t<\/div>\n\t\t\t\t\t<\/div>\n\t\t<\/div>\n\t\t\t\t\t<\/div>\n\t\t<\/section>\n\t\t\t\t<section class=\"elementor-section elementor-top-section elementor-element elementor-element-ddcdf52 elementor-section-boxed elementor-section-height-default elementor-section-height-default\" data-id=\"ddcdf52\" data-element_type=\"section\" data-settings=\"{&quot;background_background&quot;:&quot;classic&quot;}\">\n\t\t\t\t\t\t<div class=\"elementor-container elementor-column-gap-default\">\n\t\t\t\t\t<div class=\"elementor-column elementor-col-100 elementor-top-column elementor-element elementor-element-4370794\" data-id=\"4370794\" data-element_type=\"column\" data-settings=\"{&quot;background_background&quot;:&quot;classic&quot;}\">\n\t\t\t<div class=\"elementor-widget-wrap elementor-element-populated\">\n\t\t\t\t\t\t<div class=\"elementor-element elementor-element-4a18c4a elementor-widget elementor-widget-text-editor\" data-id=\"4a18c4a\" data-element_type=\"widget\" data-widget_type=\"text-editor.default\">\n\t\t\t\t<div class=\"elementor-widget-container\">\n\t\t\t\t\t\t\t\t\t<p>Debemos de considerar que <strong>el autolesi\u00f3 aparece cuando los mecanismos de adaptaci\u00f3n de la persona a la que se agotan<\/strong> y tiene que recurrir a nuevos medios para ayudar a modular el estado de \u00e1nimo que se hace insoportable, y la persona no sabe o no puede hacer verbalmente o la cara.<\/p>\t\t\t\t\t\t\t\t<\/div>\n\t\t\t\t<\/div>\n\t\t\t\t\t<\/div>\n\t\t<\/div>\n\t\t\t\t\t<\/div>\n\t\t<\/section>\n\t\t\t\t<section class=\"elementor-section elementor-top-section elementor-element elementor-element-6c76679 elementor-section-boxed elementor-section-height-default elementor-section-height-default\" data-id=\"6c76679\" data-element_type=\"section\">\n\t\t\t\t\t\t<div class=\"elementor-container elementor-column-gap-default\">\n\t\t\t\t\t<div class=\"elementor-column elementor-col-100 elementor-top-column elementor-element elementor-element-7924113\" data-id=\"7924113\" data-element_type=\"column\">\n\t\t\t<div class=\"elementor-widget-wrap elementor-element-populated\">\n\t\t\t\t\t\t<div class=\"elementor-element elementor-element-51f0031 elementor-widget elementor-widget-text-editor\" data-id=\"51f0031\" data-element_type=\"widget\" data-widget_type=\"text-editor.default\">\n\t\t\t\t<div class=\"elementor-widget-container\">\n\t\t\t\t\t\t\t\t\t<p><strong>Como una forma de autolesionar la persona puede utilizar m\u00e1s de un m\u00e9todo<\/strong>. Recuerdo que la primera persona que vi con quemaduras en las manos: no s\u00f3lo se utilizan los cigarrillos para <strong>hacer las quemaduras<\/strong>pero que tambi\u00e9n podr\u00eda <strong>d\u00e9se veces<\/strong>, <strong>rascarse hasta tomar una herida<\/strong>, <strong>la ingesta de f\u00e1rmacos o t\u00f3xicos<\/strong>entre otras maneras de hacerse da\u00f1o. Ella estaba haciendo que se regule a s\u00ed mismo, estaba claro que era as\u00ed, pero muchos profesionales en torno a la ve\u00eda como una llamada de atenci\u00f3n, por lo que despu\u00e9s de los a\u00f1os que puedo ver que con ella muchos se han equivocado. \u00bfQu\u00e9 pod\u00eda hacer yo a esa chica? Donde hab\u00eda aprendido este comportamiento? Realmente, nadie les hab\u00eda ense\u00f1ado c\u00f3mo regularse a s\u00ed mismos, que en realidad era una persona con un problema y una historia de experiencias traum\u00e1ticas de la gravedad de la molestia que sent\u00ed fue enorme.<\/p>\t\t\t\t\t\t\t\t<\/div>\n\t\t\t\t<\/div>\n\t\t\t\t<div class=\"elementor-element elementor-element-82fb4da elementor-widget elementor-widget-text-editor\" data-id=\"82fb4da\" data-element_type=\"widget\" data-widget_type=\"text-editor.default\">\n\t\t\t\t<div class=\"elementor-widget-container\">\n\t\t\t\t\t\t\t\t\t<p>Por lo tanto, <strong>una de las razones para autolesionar es para hacer sentir el dolor emocional: si usted se siente en el cuerpo en un nivel emocional me siento.<\/strong> Tambi\u00e9n hay personas que lo hacen porque sienten que es lo que te mereces, otros para sentir el dolor, para volver a la realidad, para comprobar que no est\u00e1n so\u00f1ando, para castigar en los dem\u00e1s... Puede haber muchas razones, por lo tanto, ser\u00eda muy sencillo para quedarse s\u00f3lo con la idea de que la gente que hace que intenta atraer la atenci\u00f3n. De hecho, en mi experiencia, estos conductos son generalmente ocultos, e incluso el terapeuta.<\/p>\t\t\t\t\t\t\t\t<\/div>\n\t\t\t\t<\/div>\n\t\t\t\t\t<\/div>\n\t\t<\/div>\n\t\t\t\t\t<\/div>\n\t\t<\/section>\n\t\t\t\t<section class=\"elementor-section elementor-top-section elementor-element elementor-element-73c82cd elementor-section-boxed elementor-section-height-default elementor-section-height-default\" data-id=\"73c82cd\" data-element_type=\"section\">\n\t\t\t\t\t\t<div class=\"elementor-container elementor-column-gap-default\">\n\t\t\t\t\t<div class=\"elementor-column elementor-col-100 elementor-top-column elementor-element elementor-element-0c2a653\" data-id=\"0c2a653\" data-element_type=\"column\" data-settings=\"{&quot;background_background&quot;:&quot;classic&quot;}\">\n\t\t\t<div class=\"elementor-widget-wrap elementor-element-populated\">\n\t\t\t\t\t\t<div class=\"elementor-element elementor-element-6995422 elementor-blockquote--skin-border elementor-blockquote--button-color-official elementor-widget elementor-widget-blockquote\" data-id=\"6995422\" data-element_type=\"widget\" data-widget_type=\"blockquote.default\">\n\t\t\t\t<div class=\"elementor-widget-container\">\n\t\t\t\t\t\t\t<blockquote class=\"elementor-blockquote\">\n\t\t\t<p class=\"elementor-blockquote__content\">\n\t\t\t\tEl autolesi\u00f3 es la mutilaci\u00f3n consciente del propio cuerpo, con la intenci\u00f3n de causar da\u00f1o, pero sin la intenci\u00f3n de matar a ti mismo.\t\t\t<\/p>\n\t\t\t\t\t\t\t<div class=\"e-q-footer\">\n\t\t\t\t\t\t\t\t\t\t\t<cite class=\"elementor-blockquote__author\">V. J. Turner<\/cite>\n\t\t\t\t\t\t\t\t\t\t\t\t\t\t<\/div>\n\t\t\t\t\t<\/blockquote>\n\t\t\t\t\t\t<\/div>\n\t\t\t\t<\/div>\n\t\t\t\t\t<\/div>\n\t\t<\/div>\n\t\t\t\t\t<\/div>\n\t\t<\/section>\n\t\t\t\t<section class=\"elementor-section elementor-top-section elementor-element elementor-element-772bc1b elementor-section-boxed elementor-section-height-default elementor-section-height-default\" data-id=\"772bc1b\" data-element_type=\"section\">\n\t\t\t\t\t\t<div class=\"elementor-container elementor-column-gap-default\">\n\t\t\t\t\t<div class=\"elementor-column elementor-col-100 elementor-top-column elementor-element elementor-element-1b183f1\" data-id=\"1b183f1\" data-element_type=\"column\">\n\t\t\t<div class=\"elementor-widget-wrap elementor-element-populated\">\n\t\t\t\t\t\t<div class=\"elementor-element elementor-element-04a01a6 elementor-widget elementor-widget-text-editor\" data-id=\"04a01a6\" data-element_type=\"widget\" data-widget_type=\"text-editor.default\">\n\t\t\t\t<div class=\"elementor-widget-container\">\n\t\t\t\t\t\t\t\t\t<p>La diferencia entre la conducta de autolesi\u00f3 y el suicidio puede ser dif\u00edcil en algunos casos. Es importante prestar atenci\u00f3n a estos comportamientos, y para evaluar por qu\u00e9 raz\u00f3n para hacerlo. El suicidio es una soluci\u00f3n definitiva a un problema temporal, la autolesi\u00f3 es una soluci\u00f3n temporal a un problema temporal. Son mecanismos extremos, pero tenemos que recordar que esa persona es largo y necesita recursos o no tienen o no saben.<\/p>\t\t\t\t\t\t\t\t<\/div>\n\t\t\t\t<\/div>\n\t\t\t\t<div class=\"elementor-element elementor-element-341f93e elementor-widget elementor-widget-text-editor\" data-id=\"341f93e\" data-element_type=\"widget\" data-widget_type=\"text-editor.default\">\n\t\t\t\t<div class=\"elementor-widget-container\">\n\t\t\t\t\t\t\t\t\tEn estos casos, <strong>tenemos que evaluar muy bien porque \u00e9l est\u00e1 dando esta situaci\u00f3n<\/strong>lo que est\u00e1 pasando, tenemos las herramientas y la b\u00fasqueda de alternativas, junto con la persona a ser capaz de reemplazar la autolesi\u00f3 para las conductas m\u00e1s adaptativas. Hay muchas personas que tienen muchos problemas con el hecho de tomar el cuidado de ellos mismos, que ellos nunca han tenido un buen modelo de poder emocional estaban solos en la cara de los problemas, o es posible que los comportamientos que vio en sus modelos para ser tambi\u00e9n muy adaptable.\t\t\t\t\t\t\t\t<\/div>\n\t\t\t\t<\/div>\n\t\t\t\t\t<\/div>\n\t\t<\/div>\n\t\t\t\t\t<\/div>\n\t\t<\/section>\n\t\t\t\t<section class=\"elementor-section elementor-top-section elementor-element elementor-element-2d50405 elementor-section-boxed elementor-section-height-default elementor-section-height-default\" data-id=\"2d50405\" data-element_type=\"section\">\n\t\t\t\t\t\t<div class=\"elementor-container elementor-column-gap-default\">\n\t\t\t\t\t<div class=\"elementor-column elementor-col-100 elementor-top-column elementor-element elementor-element-015c623\" data-id=\"015c623\" data-element_type=\"column\">\n\t\t\t<div class=\"elementor-widget-wrap elementor-element-populated\">\n\t\t\t\t\t\t<div class=\"elementor-element elementor-element-8655bc1 elementor-widget elementor-widget-text-editor\" data-id=\"8655bc1\" data-element_type=\"widget\" data-widget_type=\"text-editor.default\">\n\t\t\t\t<div class=\"elementor-widget-container\">\n\t\t\t\t\t\t\t\t\t<p><strong><span style=\"color: #16467f;\">Pensemos, por ejemplo, en un ni\u00f1o que llega a casa explicando la situaci\u00f3n con los compa\u00f1eros de la escuela, un grupo de amigos no han querido jugar con \u00e9l, y \u00e9l se ha sentido rechazado.<\/span><\/strong> Puede ser que la llegada y explicar, la madre y el padre ni prestar atenci\u00f3n en lo que est\u00e1 diciendo, es s\u00f3lo un ni\u00f1o y hay cosas para los ni\u00f1os, no va a ver lo que est\u00e1 pasando, adem\u00e1s de no validar sus emociones. Este ni\u00f1o puede aprender que no importa lo que suceda, lo que realmente es, sentirse mal por algo que no tiene importancia, y en el futuro puede ser un adulto que no entiende cuando una situaci\u00f3n le supera, y que, por supuesto, no va a explicar a nadie, porque lo que ocurre no es importante. Tambi\u00e9n podr\u00eda suceder que este ni\u00f1o llega a casa y la madre va a empezar a hacer lo que ha sucedido y comienza a actuar de manera ansiosa, por escrito a la escuela, pidiendo una reuni\u00f3n con el tutor, con el director, diciendo que si no se resuelve el cambio de la escuela, y sin atender a las emociones del ni\u00f1o. En este caso, tenemos a un ni\u00f1o que reaccionan a las situaciones con altos niveles de ansiedad, que ser\u00e1 reactivos emocionalmente y puede f\u00e1cilmente desregular\u00e0 emocionalmente, y en el futuro puede ser un adulto que va a reaccionar con una gran cantidad de ansiedad y que no han aprendido acerca de qu\u00e9 hacer con sus emociones.<\/p>\t\t\t\t\t\t\t\t<\/div>\n\t\t\t\t<\/div>\n\t\t\t\t<div class=\"elementor-element elementor-element-1473152 elementor-widget elementor-widget-text-editor\" data-id=\"1473152\" data-element_type=\"widget\" data-widget_type=\"text-editor.default\">\n\t\t\t\t<div class=\"elementor-widget-container\">\n\t\t\t\t\t\t\t\t\t<p>Para ayudar a este ni\u00f1o, tiene que ayudarle a entender que est\u00e1 bien sentirse triste y\/o enojado, debemos acompa\u00f1arlo en el proceso, sin prisa, tal vez, para ayudarlos a entender que tenemos que hablar con las personas involucradas en el conflicto, tratando de buscar soluciones juntos, etc.<\/p>\t\t\t\t\t\t\t\t<\/div>\n\t\t\t\t<\/div>\n\t\t\t\t<div class=\"elementor-element elementor-element-2be3e37 elementor-widget elementor-widget-text-editor\" data-id=\"2be3e37\" data-element_type=\"widget\" data-widget_type=\"text-editor.default\">\n\t\t\t\t<div class=\"elementor-widget-container\">\n\t\t\t\t\t\t\t\t\t<div class=\"FeedBlockStory TaskStoryFeed-blockStory\"><div class=\"FeedBlockStory-content\"><div class=\"BlockStoryStructure BlockStory\"><div class=\"BlockStoryStructure-block\"><div class=\"BlockStoryStructure-body\"><div class=\"TruncatedRichText\"><div class=\"RichText TruncatedRichText-richText\">Con esto quiero indicar que <strong>muchas personas han conducto autolesi\u00f3<\/strong> y que puede haber una base diferente en cada uno de ellos. <strong>La cosa m\u00e1s importante en estos casos es la de proveer recursos para la persona<\/strong>, <strong>ayudarles a gestionar las emociones<\/strong> y <strong>les ayuda a aprender<\/strong> lo que en ese momento era incapaz de aprender.<\/div><\/div><\/div><\/div><\/div><div class=\"AbstractThemeableIconButton--isEnabled AbstractThemeableIconButton AbstractThemeableIconButton--medium SubtleIconButton FeedBlockStory-actionsDropdownButton\" tabindex=\"0\" role=\"button\" aria-label=\"Opciones de visualizaci\u00f3n\" aria-expanded=\"false\">\u00a0<\/div><\/div><\/div><div class=\"FeedBlockStory TaskStoryFeed-blockStory\"><div class=\"FeedBlockStory-content\"><div class=\"BlockStoryStructure BlockStory\">\u00a0<\/div><\/div><\/div>\t\t\t\t\t\t\t\t<\/div>\n\t\t\t\t<\/div>\n\t\t\t\t\t<\/div>\n\t\t<\/div>\n\t\t\t\t\t<\/div>\n\t\t<\/section>\n\t\t\t\t<\/div>","protected":false},"excerpt":{"rendered":"<p>A consulta trobem sovint la conducta autolesiva, sobretot si parem atenci\u00f3 a certs aspectes, ja que moltes vegades les persones no ens mostren aquesta conducta, ja poden sentir vergonya, poden sentir que els jutjarem, que no els entendrem i \u00e9s possible, per tant, que amaguin aquest tipus de lesions. L&#8217;autolesi\u00f3 pot donar-se en diferents situacions [&hellip;]<\/p>","protected":false},"author":5,"featured_media":1305,"comment_status":"closed","ping_status":"closed","sticky":false,"template":"elementor_header_footer","format":"standard","meta":{"_monsterinsights_skip_tracking":false,"_monsterinsights_sitenote_active":false,"_monsterinsights_sitenote_note":"","_monsterinsights_sitenote_category":0,"footnotes":""},"categories":[13],"tags":[],"class_list":["post-1060","post","type-post","status-publish","format-standard","has-post-thumbnail","hentry","category-uncategorized"],"yoast_head":"<!-- This site is optimized with the Yoast SEO plugin v25.5 - https:\/\/yoast.com\/wordpress\/plugins\/seo\/ -->\n<title>Autolesions - Centre Psicol\u00f2gic Caldes<\/title>\n<meta name=\"description\" content=\"L&#039;autolesi\u00f3 \u00e9s la mutilaci\u00f3 deliberada del propi cos, amb la intenci\u00f3 de causar mal, per\u00f2 sense la intenci\u00f3 de matar-se.\" \/>\n<meta name=\"robots\" content=\"index, follow, max-snippet:-1, max-image-preview:large, max-video-preview:-1\" \/>\n<link rel=\"canonical\" href=\"https:\/\/centrepsicologiccaldes.com\/es\/autolesiones\/\" \/>\n<meta property=\"og:locale\" content=\"es_ES\" \/>\n<meta property=\"og:type\" content=\"article\" \/>\n<meta property=\"og:title\" content=\"Autolesions - Centre Psicol\u00f2gic Caldes\" \/>\n<meta property=\"og:description\" content=\"L&#039;autolesi\u00f3 \u00e9s la mutilaci\u00f3 deliberada del propi cos, amb la intenci\u00f3 de causar mal, per\u00f2 sense la intenci\u00f3 de matar-se.\" \/>\n<meta property=\"og:url\" content=\"https:\/\/centrepsicologiccaldes.com\/es\/autolesiones\/\" \/>\n<meta property=\"og:site_name\" content=\"Centre Psicol\u00f2gic Caldes\" \/>\n<meta property=\"article:publisher\" content=\"https:\/\/www.facebook.com\/CentrePsicologicCaldes\/\" \/>\n<meta property=\"article:published_time\" content=\"2021-05-13T09:11:36+00:00\" \/>\n<meta property=\"og:image\" content=\"https:\/\/centrepsicologiccaldes.com\/wp-content\/uploads\/2021\/05\/CPC-Autolesions.jpg\" \/>\n\t<meta property=\"og:image:width\" content=\"1250\" \/>\n\t<meta property=\"og:image:height\" content=\"833\" \/>\n\t<meta property=\"og:image:type\" content=\"image\/jpeg\" \/>\n<meta name=\"author\" content=\"Javi\" \/>\n<meta name=\"twitter:card\" content=\"summary_large_image\" \/>\n<meta name=\"twitter:label1\" content=\"Escrito por\" \/>\n\t<meta name=\"twitter:data1\" content=\"Javi\" \/>\n\t<meta name=\"twitter:label2\" content=\"Tiempo de lectura\" \/>\n\t<meta name=\"twitter:data2\" content=\"5 minutos\" \/>\n<script type=\"application\/ld+json\" class=\"yoast-schema-graph\">{\"@context\":\"https:\/\/schema.org\",\"@graph\":[{\"@type\":\"Article\",\"@id\":\"https:\/\/centrepsicologiccaldes.com\/autolesions\/#article\",\"isPartOf\":{\"@id\":\"https:\/\/centrepsicologiccaldes.com\/autolesions\/\"},\"author\":{\"name\":\"Javi\",\"@id\":\"https:\/\/centrepsicologiccaldes.com\/#\/schema\/person\/ecfda278e21c95fccca360a03a84b347\"},\"headline\":\"Autolesions\",\"datePublished\":\"2021-05-13T09:11:36+00:00\",\"mainEntityOfPage\":{\"@id\":\"https:\/\/centrepsicologiccaldes.com\/autolesions\/\"},\"wordCount\":983,\"publisher\":{\"@id\":\"https:\/\/centrepsicologiccaldes.com\/#organization\"},\"image\":{\"@id\":\"https:\/\/centrepsicologiccaldes.com\/autolesions\/#primaryimage\"},\"thumbnailUrl\":\"https:\/\/centrepsicologiccaldes.com\/wp-content\/uploads\/2021\/05\/CPC-Autolesions.jpg\",\"articleSection\":[\"Uncategorized\"],\"inLanguage\":\"es\"},{\"@type\":\"WebPage\",\"@id\":\"https:\/\/centrepsicologiccaldes.com\/autolesions\/\",\"url\":\"https:\/\/centrepsicologiccaldes.com\/autolesions\/\",\"name\":\"Autolesions - Centre Psicol\u00f2gic Caldes\",\"isPartOf\":{\"@id\":\"https:\/\/centrepsicologiccaldes.com\/#website\"},\"primaryImageOfPage\":{\"@id\":\"https:\/\/centrepsicologiccaldes.com\/autolesions\/#primaryimage\"},\"image\":{\"@id\":\"https:\/\/centrepsicologiccaldes.com\/autolesions\/#primaryimage\"},\"thumbnailUrl\":\"https:\/\/centrepsicologiccaldes.com\/wp-content\/uploads\/2021\/05\/CPC-Autolesions.jpg\",\"datePublished\":\"2021-05-13T09:11:36+00:00\",\"description\":\"L'autolesi\u00f3 \u00e9s la mutilaci\u00f3 deliberada del propi cos, amb la intenci\u00f3 de causar mal, per\u00f2 sense la intenci\u00f3 de matar-se.\",\"breadcrumb\":{\"@id\":\"https:\/\/centrepsicologiccaldes.com\/autolesions\/#breadcrumb\"},\"inLanguage\":\"es\",\"potentialAction\":[{\"@type\":\"ReadAction\",\"target\":[\"https:\/\/centrepsicologiccaldes.com\/autolesions\/\"]}]},{\"@type\":\"ImageObject\",\"inLanguage\":\"es\",\"@id\":\"https:\/\/centrepsicologiccaldes.com\/autolesions\/#primaryimage\",\"url\":\"https:\/\/centrepsicologiccaldes.com\/wp-content\/uploads\/2021\/05\/CPC-Autolesions.jpg\",\"contentUrl\":\"https:\/\/centrepsicologiccaldes.com\/wp-content\/uploads\/2021\/05\/CPC-Autolesions.jpg\",\"width\":1250,\"height\":833,\"caption\":\"Autolesions\"},{\"@type\":\"BreadcrumbList\",\"@id\":\"https:\/\/centrepsicologiccaldes.com\/autolesions\/#breadcrumb\",\"itemListElement\":[{\"@type\":\"ListItem\",\"position\":1,\"name\":\"Home\",\"item\":\"https:\/\/centrepsicologiccaldes.com\/\"},{\"@type\":\"ListItem\",\"position\":2,\"name\":\"Autolesions\"}]},{\"@type\":\"WebSite\",\"@id\":\"https:\/\/centrepsicologiccaldes.com\/#website\",\"url\":\"https:\/\/centrepsicologiccaldes.com\/\",\"name\":\"Centre Psicol\u00f2gic Caldes\",\"description\":\"Centre Psicol\u00f2gic Caldes. Equip de professionals\",\"publisher\":{\"@id\":\"https:\/\/centrepsicologiccaldes.com\/#organization\"},\"potentialAction\":[{\"@type\":\"SearchAction\",\"target\":{\"@type\":\"EntryPoint\",\"urlTemplate\":\"https:\/\/centrepsicologiccaldes.com\/?s={search_term_string}\"},\"query-input\":{\"@type\":\"PropertyValueSpecification\",\"valueRequired\":true,\"valueName\":\"search_term_string\"}}],\"inLanguage\":\"es\"},{\"@type\":\"Organization\",\"@id\":\"https:\/\/centrepsicologiccaldes.com\/#organization\",\"name\":\"Centre Psicol\u00f2gic Caldes\",\"url\":\"https:\/\/centrepsicologiccaldes.com\/\",\"logo\":{\"@type\":\"ImageObject\",\"inLanguage\":\"es\",\"@id\":\"https:\/\/centrepsicologiccaldes.com\/#\/schema\/logo\/image\/\",\"url\":\"https:\/\/centrepsicologiccaldes.com\/wp-content\/uploads\/2025\/04\/logo-centrepsicologiccaldes.png\",\"contentUrl\":\"https:\/\/centrepsicologiccaldes.com\/wp-content\/uploads\/2025\/04\/logo-centrepsicologiccaldes.png\",\"width\":287,\"height\":101,\"caption\":\"Centre Psicol\u00f2gic Caldes\"},\"image\":{\"@id\":\"https:\/\/centrepsicologiccaldes.com\/#\/schema\/logo\/image\/\"},\"sameAs\":[\"https:\/\/www.facebook.com\/CentrePsicologicCaldes\/\",\"https:\/\/www.instagram.com\/psicologia_caldes\/\",\"https:\/\/www.linkedin.com\/company\/centre-psicologic-caldes\"]},{\"@type\":\"Person\",\"@id\":\"https:\/\/centrepsicologiccaldes.com\/#\/schema\/person\/ecfda278e21c95fccca360a03a84b347\",\"name\":\"Javi\",\"url\":\"https:\/\/centrepsicologiccaldes.com\/es\/author\/javi\/\"}]}<\/script>\n<!-- \/ Yoast SEO plugin. -->","yoast_head_json":{"title":"Autolesions - Centre Psicol\u00f2gic Caldes","description":"El autolesi\u00f3 es la mutilaci\u00f3n consciente del propio cuerpo, con la intenci\u00f3n de causar da\u00f1o, pero sin la intenci\u00f3n de matar a ti mismo.","robots":{"index":"index","follow":"follow","max-snippet":"max-snippet:-1","max-image-preview":"max-image-preview:large","max-video-preview":"max-video-preview:-1"},"canonical":"https:\/\/centrepsicologiccaldes.com\/es\/autolesiones\/","og_locale":"es_ES","og_type":"article","og_title":"Autolesions - Centre Psicol\u00f2gic Caldes","og_description":"L'autolesi\u00f3 \u00e9s la mutilaci\u00f3 deliberada del propi cos, amb la intenci\u00f3 de causar mal, per\u00f2 sense la intenci\u00f3 de matar-se.","og_url":"https:\/\/centrepsicologiccaldes.com\/es\/autolesiones\/","og_site_name":"Centre Psicol\u00f2gic Caldes","article_publisher":"https:\/\/www.facebook.com\/CentrePsicologicCaldes\/","article_published_time":"2021-05-13T09:11:36+00:00","og_image":[{"width":1250,"height":833,"url":"https:\/\/centrepsicologiccaldes.com\/wp-content\/uploads\/2021\/05\/CPC-Autolesions.jpg","type":"image\/jpeg"}],"author":"Javi","twitter_card":"summary_large_image","twitter_misc":{"Escrito por":"Javi","Tiempo de lectura":"5 minutos"},"schema":{"@context":"https:\/\/schema.org","@graph":[{"@type":"Article","@id":"https:\/\/centrepsicologiccaldes.com\/autolesions\/#article","isPartOf":{"@id":"https:\/\/centrepsicologiccaldes.com\/autolesions\/"},"author":{"name":"Javi","@id":"https:\/\/centrepsicologiccaldes.com\/#\/schema\/person\/ecfda278e21c95fccca360a03a84b347"},"headline":"Autolesions","datePublished":"2021-05-13T09:11:36+00:00","mainEntityOfPage":{"@id":"https:\/\/centrepsicologiccaldes.com\/autolesions\/"},"wordCount":983,"publisher":{"@id":"https:\/\/centrepsicologiccaldes.com\/#organization"},"image":{"@id":"https:\/\/centrepsicologiccaldes.com\/autolesions\/#primaryimage"},"thumbnailUrl":"https:\/\/centrepsicologiccaldes.com\/wp-content\/uploads\/2021\/05\/CPC-Autolesions.jpg","articleSection":["Uncategorized"],"inLanguage":"es"},{"@type":"WebPage","@id":"https:\/\/centrepsicologiccaldes.com\/autolesions\/","url":"https:\/\/centrepsicologiccaldes.com\/autolesions\/","name":"Autolesions - Centre Psicol\u00f2gic Caldes","isPartOf":{"@id":"https:\/\/centrepsicologiccaldes.com\/#website"},"primaryImageOfPage":{"@id":"https:\/\/centrepsicologiccaldes.com\/autolesions\/#primaryimage"},"image":{"@id":"https:\/\/centrepsicologiccaldes.com\/autolesions\/#primaryimage"},"thumbnailUrl":"https:\/\/centrepsicologiccaldes.com\/wp-content\/uploads\/2021\/05\/CPC-Autolesions.jpg","datePublished":"2021-05-13T09:11:36+00:00","description":"El autolesi\u00f3 es la mutilaci\u00f3n consciente del propio cuerpo, con la intenci\u00f3n de causar da\u00f1o, pero sin la intenci\u00f3n de matar a ti mismo.","breadcrumb":{"@id":"https:\/\/centrepsicologiccaldes.com\/autolesions\/#breadcrumb"},"inLanguage":"es","potentialAction":[{"@type":"ReadAction","target":["https:\/\/centrepsicologiccaldes.com\/autolesions\/"]}]},{"@type":"ImageObject","inLanguage":"es","@id":"https:\/\/centrepsicologiccaldes.com\/autolesions\/#primaryimage","url":"https:\/\/centrepsicologiccaldes.com\/wp-content\/uploads\/2021\/05\/CPC-Autolesions.jpg","contentUrl":"https:\/\/centrepsicologiccaldes.com\/wp-content\/uploads\/2021\/05\/CPC-Autolesions.jpg","width":1250,"height":833,"caption":"Autolesions"},{"@type":"BreadcrumbList","@id":"https:\/\/centrepsicologiccaldes.com\/autolesions\/#breadcrumb","itemListElement":[{"@type":"ListItem","position":1,"name":"Home","item":"https:\/\/centrepsicologiccaldes.com\/"},{"@type":"ListItem","position":2,"name":"Autolesions"}]},{"@type":"WebSite","@id":"https:\/\/centrepsicologiccaldes.com\/#website","url":"https:\/\/centrepsicologiccaldes.com\/","name":"Centre Psicol\u00f2gic Caldes","description":"Centro Psicol\u00f3gico De Caldas. Equipo de profesionales","publisher":{"@id":"https:\/\/centrepsicologiccaldes.com\/#organization"},"potentialAction":[{"@type":"SearchAction","target":{"@type":"EntryPoint","urlTemplate":"https:\/\/centrepsicologiccaldes.com\/?s={search_term_string}"},"query-input":{"@type":"PropertyValueSpecification","valueRequired":true,"valueName":"search_term_string"}}],"inLanguage":"es"},{"@type":"Organization","@id":"https:\/\/centrepsicologiccaldes.com\/#organization","name":"Centre Psicol\u00f2gic Caldes","url":"https:\/\/centrepsicologiccaldes.com\/","logo":{"@type":"ImageObject","inLanguage":"es","@id":"https:\/\/centrepsicologiccaldes.com\/#\/schema\/logo\/image\/","url":"https:\/\/centrepsicologiccaldes.com\/wp-content\/uploads\/2025\/04\/logo-centrepsicologiccaldes.png","contentUrl":"https:\/\/centrepsicologiccaldes.com\/wp-content\/uploads\/2025\/04\/logo-centrepsicologiccaldes.png","width":287,"height":101,"caption":"Centre Psicol\u00f2gic Caldes"},"image":{"@id":"https:\/\/centrepsicologiccaldes.com\/#\/schema\/logo\/image\/"},"sameAs":["https:\/\/www.facebook.com\/CentrePsicologicCaldes\/","https:\/\/www.instagram.com\/psicologia_caldes\/","https:\/\/www.linkedin.com\/company\/centre-psicologic-caldes"]},{"@type":"Person","@id":"https:\/\/centrepsicologiccaldes.com\/#\/schema\/person\/ecfda278e21c95fccca360a03a84b347","name":"Javi","url":"https:\/\/centrepsicologiccaldes.com\/es\/author\/javi\/"}]}},"_links":{"self":[{"href":"https:\/\/centrepsicologiccaldes.com\/es\/wp-json\/wp\/v2\/posts\/1060","targetHints":{"allow":["GET"]}}],"collection":[{"href":"https:\/\/centrepsicologiccaldes.com\/es\/wp-json\/wp\/v2\/posts"}],"about":[{"href":"https:\/\/centrepsicologiccaldes.com\/es\/wp-json\/wp\/v2\/types\/post"}],"author":[{"embeddable":true,"href":"https:\/\/centrepsicologiccaldes.com\/es\/wp-json\/wp\/v2\/users\/5"}],"replies":[{"embeddable":true,"href":"https:\/\/centrepsicologiccaldes.com\/es\/wp-json\/wp\/v2\/comments?post=1060"}],"version-history":[{"count":0,"href":"https:\/\/centrepsicologiccaldes.com\/es\/wp-json\/wp\/v2\/posts\/1060\/revisions"}],"wp:featuredmedia":[{"embeddable":true,"href":"https:\/\/centrepsicologiccaldes.com\/es\/wp-json\/wp\/v2\/media\/1305"}],"wp:attachment":[{"href":"https:\/\/centrepsicologiccaldes.com\/es\/wp-json\/wp\/v2\/media?parent=1060"}],"wp:term":[{"taxonomy":"category","embeddable":true,"href":"https:\/\/centrepsicologiccaldes.com\/es\/wp-json\/wp\/v2\/categories?post=1060"},{"taxonomy":"post_tag","embeddable":true,"href":"https:\/\/centrepsicologiccaldes.com\/es\/wp-json\/wp\/v2\/tags?post=1060"}],"curies":[{"name":"wp","href":"https:\/\/api.w.org\/{rel}","templated":true}]}}