{"id":1058,"date":"2021-02-21T19:00:18","date_gmt":"2021-02-21T19:00:18","guid":{"rendered":"https:\/\/centrepsicologiccaldes.com\/?p=949"},"modified":"2021-02-21T19:00:18","modified_gmt":"2021-02-21T19:00:18","slug":"transtorno-de-ansiedad-generalizada","status":"publish","type":"post","link":"https:\/\/centrepsicologiccaldes.com\/es\/transtorno-de-ansiedad-generalizada\/","title":{"rendered":"Trastorno De Ansiedad Generalizada"},"content":{"rendered":"<p>Los s\u00edntomas de ansiedad aparecen con frecuencia en nuestras consultas.<\/p>\n<p>Algunas personas experimentan una ansiedad mantenido en el tiempo. Pueden ser personas con un trastorno de ansiedad generalizada.<\/p>\n<p>Las personas con Trastorno de Ansiedad Generalizada generalmente de atenci\u00f3n para problemas que son mucho menos peligrosas de lo que pensamos en un principio, y que tienen un car\u00e1cter mucho menos dram\u00e1tico que el de ser un donante. Con esto queremos decir que la preocupaci\u00f3n probablemente en otro momento de la vida de una persona, no ser\u00eda tan grande y que el tratamiento adecuado puede ser capaz de tolerar mucho m\u00e1s preocupante.<\/p>\n<p>Como dijo Deffenbacher (1997, p\u00e1g., 242): &#034;El individuo tiende a girar en su cabeza a estos problemas, siendo capaz de llegar a una soluci\u00f3n, a tomar decisiones, llevar a cabo una acci\u00f3n decisiva y viv\u00edan en relativa paz con las consecuencias. Por el contrario, se suele dar vueltas y m\u00e1s vueltas , y de que se trate, con las posibilidades negativas, los errores y los errores de los potenciales, y de los fracasos y dificultades, reales e imaginarios. Es como si estuvieran petrificados en sus etapas de soluci\u00f3n de problemas.&#034;<\/p>\n<p>Y \u00bfcu\u00e1les son los problemas para los que est\u00e1n preocupados acerca de una persona con Trastorno de Ansiedad Generalizada? estos son algunos de los temas de nuestro d\u00eda a d\u00eda, regular como la familia, los amigos, el dinero, el trabajo, la salud. Los temas que todas las personas que est\u00e1n a su alrededor, pero cuando se trata de un Trastorno de Ansiedad Generalizada (GAD), ocupan la mayor parte del d\u00eda y causar un malestar significativo.<\/p>\n<p>Seg\u00fan el DSM-V, en ni\u00f1os y adolescentes, estas preocupaciones incluyen tambi\u00e9n el rendimiento acad\u00e9mico, y el deportivo de la zona, adem\u00e1s de los desastres naturales y otros eventos.<\/p>\n<p>La diferencia entre una preocupaci\u00f3n normal y una preocupaci\u00f3n en una persona con trastorno de ansiedad generalizada se encuentra normalmente en la frecuencia, la duraci\u00f3n, la intensidad y la falta de control.<\/p>\n<p>El Trastorno generalmente ella hizo su debut en la infancia o en la adolescencia, aunque no es raro encontrar la salida en el comienzo de la etapa Adulta, alrededor de los 20 a\u00f1os. Son personas que dicen que han sido muy ansiosos desde siempre, pero cuando la gente de avanzar en su vida, tambi\u00e9n es normal encontrar m\u00e1s problemas, el trabajo, la familia, econ\u00f3mico, y esta puede ser la raz\u00f3n por la que aparece la ETIQUETA, cuando la gente es mayor.<\/p>\n<p>La incertidumbre de las diferentes situaciones que nos encontramos en la vida puede tener un impacto en el desarrollo de estos s\u00edntomas, situaciones en las que no vemos a un final r\u00e1pido y factores de estr\u00e9s se perpet\u00faan, pueden afectar la severidad de los s\u00edntomas.<\/p>\n<p>Las preocupaciones constantes puede ser un intento de prevenir la amenaza, hay personas que tienen la creencia de que la preocupaci\u00f3n es una buena cosa para ser capaz de prevenir que suceda en el futuro como una manera de estar preparado para la situaci\u00f3n a la que vamos a tener que enfrentar. A veces tambi\u00e9n la preocupaci\u00f3n acerca de lo que para evitar pensar en temas emocionales, m\u00e1s profunda, como pueden ser las heridas del pasado que es muy dif\u00edcil de curar.<\/p>\n<p>Lo que podemos hacer con la ETIQUETA? La primera es tratar de disminuir el nivel de activaci\u00f3n de la persona, que a trav\u00e9s de la relajaci\u00f3n, podemos tratar de ayudar a la persona a relajarse, de diferentes maneras, a veces con sus propias estrategias de la persona que pueden ser \u00fatiles. El siguiente ser\u00e1 trabajar con los pensamientos de esa persona, y como ha sido demostrado por diferentes estudios de eficacia (Durham y cols., 1994, 1999), terapia cognitivo-conductual ser\u00eda apropiada para este caso.<\/p>\n<p>Tambi\u00e9n podemos utilizar otras t\u00e9cnicas, depende de la evaluaci\u00f3n del caso, como la resoluci\u00f3n de conflictos, t\u00e9cnicas de asertividad y la exposici\u00f3n de las preocupaciones.<\/p>\n<p>&nbsp;<\/p>\n<p>Sonia Pitarch<\/p>\n<p>&nbsp;<\/p>","protected":false},"excerpt":{"rendered":"<p>Els s\u00edmptomes d\u2019angoixa apareixen sovint a la nostra consulta. Algunes persones experimenten una ansietat mantinguda en el temps. Poden ser persones amb un trastorn d\u2019ansietat generalitzada. Les persones amb Trastorn d\u2019Ansietat Generalitzada normalment es preocupen per q\u00fcestions que son molt menys perilloses del que pensen al comen\u00e7ament i tenen un car\u00e0cter molt menys dram\u00e0tic del [&hellip;]<\/p>","protected":false},"author":5,"featured_media":1308,"comment_status":"closed","ping_status":"closed","sticky":false,"template":"","format":"standard","meta":{"_monsterinsights_skip_tracking":false,"_monsterinsights_sitenote_active":false,"_monsterinsights_sitenote_note":"","_monsterinsights_sitenote_category":0,"footnotes":""},"categories":[13],"tags":[],"class_list":["post-1058","post","type-post","status-publish","format-standard","has-post-thumbnail","hentry","category-uncategorized"],"yoast_head":"<!-- This site is optimized with the Yoast SEO plugin v25.5 - https:\/\/yoast.com\/wordpress\/plugins\/seo\/ -->\n<title>Trastorn D&#039;Ansietat Generalitzada - Centre Psicol\u00f2gic Caldes<\/title>\n<meta name=\"robots\" content=\"index, follow, max-snippet:-1, max-image-preview:large, max-video-preview:-1\" \/>\n<link rel=\"canonical\" href=\"https:\/\/centrepsicologiccaldes.com\/es\/transtorno-de-ansiedad-generalizada\/\" \/>\n<meta property=\"og:locale\" content=\"es_ES\" \/>\n<meta property=\"og:type\" content=\"article\" \/>\n<meta property=\"og:title\" content=\"Trastorn D&#039;Ansietat Generalitzada - Centre Psicol\u00f2gic Caldes\" \/>\n<meta property=\"og:description\" content=\"Els s\u00edmptomes d\u2019angoixa apareixen sovint a la nostra consulta. Algunes persones experimenten una ansietat mantinguda en el temps. Poden ser persones amb un trastorn d\u2019ansietat generalitzada. Les persones amb Trastorn d\u2019Ansietat Generalitzada normalment es preocupen per q\u00fcestions que son molt menys perilloses del que pensen al comen\u00e7ament i tenen un car\u00e0cter molt menys dram\u00e0tic del [&hellip;]\" \/>\n<meta property=\"og:url\" content=\"https:\/\/centrepsicologiccaldes.com\/es\/transtorno-de-ansiedad-generalizada\/\" \/>\n<meta property=\"og:site_name\" content=\"Centre Psicol\u00f2gic Caldes\" \/>\n<meta property=\"article:publisher\" content=\"https:\/\/www.facebook.com\/CentrePsicologicCaldes\/\" \/>\n<meta property=\"article:published_time\" content=\"2021-02-21T19:00:18+00:00\" \/>\n<meta property=\"og:image\" content=\"https:\/\/centrepsicologiccaldes.com\/wp-content\/uploads\/2020\/09\/coaching-portada-min.jpg\" \/>\n\t<meta property=\"og:image:width\" content=\"720\" \/>\n\t<meta property=\"og:image:height\" content=\"1080\" \/>\n\t<meta property=\"og:image:type\" content=\"image\/jpeg\" \/>\n<meta name=\"author\" content=\"Javi\" \/>\n<meta name=\"twitter:card\" content=\"summary_large_image\" \/>\n<meta name=\"twitter:label1\" content=\"Escrito por\" \/>\n\t<meta name=\"twitter:data1\" content=\"Javi\" \/>\n\t<meta name=\"twitter:label2\" content=\"Tiempo de lectura\" \/>\n\t<meta name=\"twitter:data2\" content=\"3 minutos\" \/>\n<script type=\"application\/ld+json\" class=\"yoast-schema-graph\">{\"@context\":\"https:\/\/schema.org\",\"@graph\":[{\"@type\":\"Article\",\"@id\":\"https:\/\/centrepsicologiccaldes.com\/trastorn-dansietat-generalitzada\/#article\",\"isPartOf\":{\"@id\":\"https:\/\/centrepsicologiccaldes.com\/trastorn-dansietat-generalitzada\/\"},\"author\":{\"name\":\"Javi\",\"@id\":\"https:\/\/centrepsicologiccaldes.com\/#\/schema\/person\/ecfda278e21c95fccca360a03a84b347\"},\"headline\":\"Trastorn D&#8217;Ansietat Generalitzada\",\"datePublished\":\"2021-02-21T19:00:18+00:00\",\"mainEntityOfPage\":{\"@id\":\"https:\/\/centrepsicologiccaldes.com\/trastorn-dansietat-generalitzada\/\"},\"wordCount\":645,\"publisher\":{\"@id\":\"https:\/\/centrepsicologiccaldes.com\/#organization\"},\"image\":{\"@id\":\"https:\/\/centrepsicologiccaldes.com\/trastorn-dansietat-generalitzada\/#primaryimage\"},\"thumbnailUrl\":\"https:\/\/centrepsicologiccaldes.com\/wp-content\/uploads\/2020\/09\/coaching-portada-min.jpg\",\"articleSection\":[\"Uncategorized\"],\"inLanguage\":\"es\"},{\"@type\":\"WebPage\",\"@id\":\"https:\/\/centrepsicologiccaldes.com\/trastorn-dansietat-generalitzada\/\",\"url\":\"https:\/\/centrepsicologiccaldes.com\/trastorn-dansietat-generalitzada\/\",\"name\":\"Trastorn D'Ansietat Generalitzada - Centre Psicol\u00f2gic Caldes\",\"isPartOf\":{\"@id\":\"https:\/\/centrepsicologiccaldes.com\/#website\"},\"primaryImageOfPage\":{\"@id\":\"https:\/\/centrepsicologiccaldes.com\/trastorn-dansietat-generalitzada\/#primaryimage\"},\"image\":{\"@id\":\"https:\/\/centrepsicologiccaldes.com\/trastorn-dansietat-generalitzada\/#primaryimage\"},\"thumbnailUrl\":\"https:\/\/centrepsicologiccaldes.com\/wp-content\/uploads\/2020\/09\/coaching-portada-min.jpg\",\"datePublished\":\"2021-02-21T19:00:18+00:00\",\"breadcrumb\":{\"@id\":\"https:\/\/centrepsicologiccaldes.com\/trastorn-dansietat-generalitzada\/#breadcrumb\"},\"inLanguage\":\"es\",\"potentialAction\":[{\"@type\":\"ReadAction\",\"target\":[\"https:\/\/centrepsicologiccaldes.com\/trastorn-dansietat-generalitzada\/\"]}]},{\"@type\":\"ImageObject\",\"inLanguage\":\"es\",\"@id\":\"https:\/\/centrepsicologiccaldes.com\/trastorn-dansietat-generalitzada\/#primaryimage\",\"url\":\"https:\/\/centrepsicologiccaldes.com\/wp-content\/uploads\/2020\/09\/coaching-portada-min.jpg\",\"contentUrl\":\"https:\/\/centrepsicologiccaldes.com\/wp-content\/uploads\/2020\/09\/coaching-portada-min.jpg\",\"width\":720,\"height\":1080,\"caption\":\"coaching\"},{\"@type\":\"BreadcrumbList\",\"@id\":\"https:\/\/centrepsicologiccaldes.com\/trastorn-dansietat-generalitzada\/#breadcrumb\",\"itemListElement\":[{\"@type\":\"ListItem\",\"position\":1,\"name\":\"Home\",\"item\":\"https:\/\/centrepsicologiccaldes.com\/\"},{\"@type\":\"ListItem\",\"position\":2,\"name\":\"Trastorn D&#8217;Ansietat Generalitzada\"}]},{\"@type\":\"WebSite\",\"@id\":\"https:\/\/centrepsicologiccaldes.com\/#website\",\"url\":\"https:\/\/centrepsicologiccaldes.com\/\",\"name\":\"Centre Psicol\u00f2gic Caldes\",\"description\":\"Centre Psicol\u00f2gic Caldes. Equip de professionals\",\"publisher\":{\"@id\":\"https:\/\/centrepsicologiccaldes.com\/#organization\"},\"potentialAction\":[{\"@type\":\"SearchAction\",\"target\":{\"@type\":\"EntryPoint\",\"urlTemplate\":\"https:\/\/centrepsicologiccaldes.com\/?s={search_term_string}\"},\"query-input\":{\"@type\":\"PropertyValueSpecification\",\"valueRequired\":true,\"valueName\":\"search_term_string\"}}],\"inLanguage\":\"es\"},{\"@type\":\"Organization\",\"@id\":\"https:\/\/centrepsicologiccaldes.com\/#organization\",\"name\":\"Centre Psicol\u00f2gic Caldes\",\"url\":\"https:\/\/centrepsicologiccaldes.com\/\",\"logo\":{\"@type\":\"ImageObject\",\"inLanguage\":\"es\",\"@id\":\"https:\/\/centrepsicologiccaldes.com\/#\/schema\/logo\/image\/\",\"url\":\"https:\/\/centrepsicologiccaldes.com\/wp-content\/uploads\/2025\/04\/logo-centrepsicologiccaldes.png\",\"contentUrl\":\"https:\/\/centrepsicologiccaldes.com\/wp-content\/uploads\/2025\/04\/logo-centrepsicologiccaldes.png\",\"width\":287,\"height\":101,\"caption\":\"Centre Psicol\u00f2gic Caldes\"},\"image\":{\"@id\":\"https:\/\/centrepsicologiccaldes.com\/#\/schema\/logo\/image\/\"},\"sameAs\":[\"https:\/\/www.facebook.com\/CentrePsicologicCaldes\/\",\"https:\/\/www.instagram.com\/psicologia_caldes\/\",\"https:\/\/www.linkedin.com\/company\/centre-psicologic-caldes\"]},{\"@type\":\"Person\",\"@id\":\"https:\/\/centrepsicologiccaldes.com\/#\/schema\/person\/ecfda278e21c95fccca360a03a84b347\",\"name\":\"Javi\",\"url\":\"https:\/\/centrepsicologiccaldes.com\/es\/author\/javi\/\"}]}<\/script>\n<!-- \/ Yoast SEO plugin. -->","yoast_head_json":{"title":"Trastorn D'Ansietat Generalitzada - Centre Psicol\u00f2gic Caldes","robots":{"index":"index","follow":"follow","max-snippet":"max-snippet:-1","max-image-preview":"max-image-preview:large","max-video-preview":"max-video-preview:-1"},"canonical":"https:\/\/centrepsicologiccaldes.com\/es\/transtorno-de-ansiedad-generalizada\/","og_locale":"es_ES","og_type":"article","og_title":"Trastorn D'Ansietat Generalitzada - Centre Psicol\u00f2gic Caldes","og_description":"Els s\u00edmptomes d\u2019angoixa apareixen sovint a la nostra consulta. Algunes persones experimenten una ansietat mantinguda en el temps. Poden ser persones amb un trastorn d\u2019ansietat generalitzada. Les persones amb Trastorn d\u2019Ansietat Generalitzada normalment es preocupen per q\u00fcestions que son molt menys perilloses del que pensen al comen\u00e7ament i tenen un car\u00e0cter molt menys dram\u00e0tic del [&hellip;]","og_url":"https:\/\/centrepsicologiccaldes.com\/es\/transtorno-de-ansiedad-generalizada\/","og_site_name":"Centre Psicol\u00f2gic Caldes","article_publisher":"https:\/\/www.facebook.com\/CentrePsicologicCaldes\/","article_published_time":"2021-02-21T19:00:18+00:00","og_image":[{"width":720,"height":1080,"url":"https:\/\/centrepsicologiccaldes.com\/wp-content\/uploads\/2020\/09\/coaching-portada-min.jpg","type":"image\/jpeg"}],"author":"Javi","twitter_card":"summary_large_image","twitter_misc":{"Escrito por":"Javi","Tiempo de lectura":"3 minutos"},"schema":{"@context":"https:\/\/schema.org","@graph":[{"@type":"Article","@id":"https:\/\/centrepsicologiccaldes.com\/trastorn-dansietat-generalitzada\/#article","isPartOf":{"@id":"https:\/\/centrepsicologiccaldes.com\/trastorn-dansietat-generalitzada\/"},"author":{"name":"Javi","@id":"https:\/\/centrepsicologiccaldes.com\/#\/schema\/person\/ecfda278e21c95fccca360a03a84b347"},"headline":"Trastorn D&#8217;Ansietat Generalitzada","datePublished":"2021-02-21T19:00:18+00:00","mainEntityOfPage":{"@id":"https:\/\/centrepsicologiccaldes.com\/trastorn-dansietat-generalitzada\/"},"wordCount":645,"publisher":{"@id":"https:\/\/centrepsicologiccaldes.com\/#organization"},"image":{"@id":"https:\/\/centrepsicologiccaldes.com\/trastorn-dansietat-generalitzada\/#primaryimage"},"thumbnailUrl":"https:\/\/centrepsicologiccaldes.com\/wp-content\/uploads\/2020\/09\/coaching-portada-min.jpg","articleSection":["Uncategorized"],"inLanguage":"es"},{"@type":"WebPage","@id":"https:\/\/centrepsicologiccaldes.com\/trastorn-dansietat-generalitzada\/","url":"https:\/\/centrepsicologiccaldes.com\/trastorn-dansietat-generalitzada\/","name":"Trastorn D'Ansietat Generalitzada - Centre Psicol\u00f2gic Caldes","isPartOf":{"@id":"https:\/\/centrepsicologiccaldes.com\/#website"},"primaryImageOfPage":{"@id":"https:\/\/centrepsicologiccaldes.com\/trastorn-dansietat-generalitzada\/#primaryimage"},"image":{"@id":"https:\/\/centrepsicologiccaldes.com\/trastorn-dansietat-generalitzada\/#primaryimage"},"thumbnailUrl":"https:\/\/centrepsicologiccaldes.com\/wp-content\/uploads\/2020\/09\/coaching-portada-min.jpg","datePublished":"2021-02-21T19:00:18+00:00","breadcrumb":{"@id":"https:\/\/centrepsicologiccaldes.com\/trastorn-dansietat-generalitzada\/#breadcrumb"},"inLanguage":"es","potentialAction":[{"@type":"ReadAction","target":["https:\/\/centrepsicologiccaldes.com\/trastorn-dansietat-generalitzada\/"]}]},{"@type":"ImageObject","inLanguage":"es","@id":"https:\/\/centrepsicologiccaldes.com\/trastorn-dansietat-generalitzada\/#primaryimage","url":"https:\/\/centrepsicologiccaldes.com\/wp-content\/uploads\/2020\/09\/coaching-portada-min.jpg","contentUrl":"https:\/\/centrepsicologiccaldes.com\/wp-content\/uploads\/2020\/09\/coaching-portada-min.jpg","width":720,"height":1080,"caption":"coaching"},{"@type":"BreadcrumbList","@id":"https:\/\/centrepsicologiccaldes.com\/trastorn-dansietat-generalitzada\/#breadcrumb","itemListElement":[{"@type":"ListItem","position":1,"name":"Home","item":"https:\/\/centrepsicologiccaldes.com\/"},{"@type":"ListItem","position":2,"name":"Trastorn D&#8217;Ansietat Generalitzada"}]},{"@type":"WebSite","@id":"https:\/\/centrepsicologiccaldes.com\/#website","url":"https:\/\/centrepsicologiccaldes.com\/","name":"Centre Psicol\u00f2gic Caldes","description":"Centro Psicol\u00f3gico De Caldas. Equipo de profesionales","publisher":{"@id":"https:\/\/centrepsicologiccaldes.com\/#organization"},"potentialAction":[{"@type":"SearchAction","target":{"@type":"EntryPoint","urlTemplate":"https:\/\/centrepsicologiccaldes.com\/?s={search_term_string}"},"query-input":{"@type":"PropertyValueSpecification","valueRequired":true,"valueName":"search_term_string"}}],"inLanguage":"es"},{"@type":"Organization","@id":"https:\/\/centrepsicologiccaldes.com\/#organization","name":"Centre Psicol\u00f2gic Caldes","url":"https:\/\/centrepsicologiccaldes.com\/","logo":{"@type":"ImageObject","inLanguage":"es","@id":"https:\/\/centrepsicologiccaldes.com\/#\/schema\/logo\/image\/","url":"https:\/\/centrepsicologiccaldes.com\/wp-content\/uploads\/2025\/04\/logo-centrepsicologiccaldes.png","contentUrl":"https:\/\/centrepsicologiccaldes.com\/wp-content\/uploads\/2025\/04\/logo-centrepsicologiccaldes.png","width":287,"height":101,"caption":"Centre Psicol\u00f2gic Caldes"},"image":{"@id":"https:\/\/centrepsicologiccaldes.com\/#\/schema\/logo\/image\/"},"sameAs":["https:\/\/www.facebook.com\/CentrePsicologicCaldes\/","https:\/\/www.instagram.com\/psicologia_caldes\/","https:\/\/www.linkedin.com\/company\/centre-psicologic-caldes"]},{"@type":"Person","@id":"https:\/\/centrepsicologiccaldes.com\/#\/schema\/person\/ecfda278e21c95fccca360a03a84b347","name":"Javi","url":"https:\/\/centrepsicologiccaldes.com\/es\/author\/javi\/"}]}},"_links":{"self":[{"href":"https:\/\/centrepsicologiccaldes.com\/es\/wp-json\/wp\/v2\/posts\/1058","targetHints":{"allow":["GET"]}}],"collection":[{"href":"https:\/\/centrepsicologiccaldes.com\/es\/wp-json\/wp\/v2\/posts"}],"about":[{"href":"https:\/\/centrepsicologiccaldes.com\/es\/wp-json\/wp\/v2\/types\/post"}],"author":[{"embeddable":true,"href":"https:\/\/centrepsicologiccaldes.com\/es\/wp-json\/wp\/v2\/users\/5"}],"replies":[{"embeddable":true,"href":"https:\/\/centrepsicologiccaldes.com\/es\/wp-json\/wp\/v2\/comments?post=1058"}],"version-history":[{"count":0,"href":"https:\/\/centrepsicologiccaldes.com\/es\/wp-json\/wp\/v2\/posts\/1058\/revisions"}],"wp:featuredmedia":[{"embeddable":true,"href":"https:\/\/centrepsicologiccaldes.com\/es\/wp-json\/wp\/v2\/media\/1308"}],"wp:attachment":[{"href":"https:\/\/centrepsicologiccaldes.com\/es\/wp-json\/wp\/v2\/media?parent=1058"}],"wp:term":[{"taxonomy":"category","embeddable":true,"href":"https:\/\/centrepsicologiccaldes.com\/es\/wp-json\/wp\/v2\/categories?post=1058"},{"taxonomy":"post_tag","embeddable":true,"href":"https:\/\/centrepsicologiccaldes.com\/es\/wp-json\/wp\/v2\/tags?post=1058"}],"curies":[{"name":"wp","href":"https:\/\/api.w.org\/{rel}","templated":true}]}}